{"id":44486,"date":"2023-08-23T13:17:21","date_gmt":"2023-08-23T11:17:21","guid":{"rendered":"https:\/\/www.timetrackapp.com\/?p=44486"},"modified":"2023-08-25T10:40:26","modified_gmt":"2023-08-25T08:40:26","slug":"the-importance-of-duvet-day","status":"publish","type":"post","link":"https:\/\/www.timetrackapp.com\/en\/blog\/the-importance-of-duvet-day\/","title":{"rendered":"The importance of duvet day for organisations"},"content":{"rendered":"\n<style type=\"text\/css\" data-created_by=\"avia_inline_auto\" id=\"style-css-av-bolvox2-db065c7d68a397f7dc88767e2d1ead43\">\n.avia-section.av-bolvox2-db065c7d68a397f7dc88767e2d1ead43{\nbackground-repeat:no-repeat;\nbackground-image:url(https:\/\/www.timetrackapp.com\/wp-content\/uploads\/2023\/08\/duvet-day-header-image.png);\nbackground-position:50% 50%;\nbackground-attachment:scroll;\n}\n.avia-section.av-bolvox2-db065c7d68a397f7dc88767e2d1ead43 .av-section-color-overlay{\nopacity:0.4;\nbackground-color:#4f4d4f;\n}\n<\/style>\n<div id='av_section_1'  class='avia-section av-bolvox2-db065c7d68a397f7dc88767e2d1ead43 main_color avia-section-default avia-no-border-styling  avia-builder-el-0  el_before_av_three_fifth  avia-builder-el-first  avia-bg-style-scroll av-section-color-overlay-active av-minimum-height av-minimum-height-50 av-height-50  container_wrap fullsize'  data-section-bg-repeat='no-repeat' data-av_minimum_height_pc='50' data-av_min_height_opt='50'><div class=\"av-section-color-overlay-wrap\"><div class=\"av-section-color-overlay\"><\/div><div class='container av-section-cont-open' ><main  role=\"main\" itemprop=\"mainContentOfPage\"  class='template-page content  av-content-full alpha units'><div class='post-entry post-entry-type-page post-entry-44486'><div class='entry-content-wrapper clearfix'>\n<div  class='flex_column av-14imt9i-190da65c25ac53eb0fbb043ff1b03d53 av_one_full  avia-builder-el-1  avia-builder-el-no-sibling  first flex_column_div  '     ><section  class='av_textblock_section av-llnjyxwg-9f57947cac01c6152861461214b62071 '   itemscope=\"itemscope\" itemtype=\"https:\/\/schema.org\/BlogPosting\" itemprop=\"blogPost\" ><div class='avia_textblock'  itemprop=\"text\" ><h1 data-pm-slice=\"1 1 &#091;&#093;\"><span style=\"color: #ffffff;\">The importance of duvet day for organisations<\/span><\/h1>\n<h2><span style=\"color: #ffffff;\"><a style=\"color: #ffffff;\" href=\"https:\/\/www.timetrackapp.com\/en\/blog\/category\/hr-en\/\">#hr<\/a><\/span><\/h2>\n<\/div><\/section><\/div><\/div><\/div><\/main><!-- close content main element --><\/div><\/div><\/div><div id='after_section_1'  class='main_color av_default_container_wrap container_wrap fullsize'  ><div class='container av-section-cont-open' ><div class='template-page content  av-content-full alpha units'><div class='post-entry post-entry-type-page post-entry-44486'><div class='entry-content-wrapper clearfix'><div  class='flex_column av-aw5cz52-cfbbdd7bd0b1591f8ec75c4495e30ccd av_three_fifth  avia-builder-el-3  el_after_av_section  el_before_av_two_fifth  avia-builder-el-first  first flex_column_div  '     ><section  class='av_textblock_section av-llnk0ltk-e9a6c9b7f7ae1d617b4a3f47bb2dbfaa '   itemscope=\"itemscope\" itemtype=\"https:\/\/schema.org\/BlogPosting\" itemprop=\"blogPost\" ><div class='avia_textblock'  itemprop=\"text\" ><h3>Table of Content<\/h3>\n<\/div><\/section><br \/>\n<section  class='av_textblock_section av-ag3dd2e-f5a659422f826d44b53e50d0f81c88a7 '   itemscope=\"itemscope\" itemtype=\"https:\/\/schema.org\/BlogPosting\" itemprop=\"blogPost\" ><div class='avia_textblock'  itemprop=\"text\" ><ul>\n<li><span style=\"color: #000000;\"><a style=\"color: #000000;\" href=\"#What_is_a_duvet_day\">What is a duvet day?<\/a><\/span><\/li>\n<li><span style=\"color: #000000;\"><a style=\"color: #000000;\" href=\"#Duvet_days_benefits\">Duvet days benefits<\/a><\/span><\/li>\n<li><span style=\"color: #000000;\"><a style=\"color: #000000;\" href=\"#Employer_perspective\">Employer perspective: Offering duvet days<\/a><\/span><\/li>\n<li><span style=\"color: #000000;\"><a style=\"color: #000000;\" href=\"#Employee_perspective\">Employee perspective: Taking advantage of duvet days<\/a><\/span><\/li>\n<\/ul>\n<\/div><\/section><\/p><\/div><\/p>\n<div  class='flex_column av-9s0onra-fd832449c33dced0922b7ca8fc353448 av_two_fifth  avia-builder-el-6  el_after_av_three_fifth  el_before_av_one_full  flex_column_div  '     ><style type=\"text\/css\" data-created_by=\"avia_inline_auto\" id=\"style-css-av-llnk0vf9-572295cbe799086abc5f766497a5d088\">\n#top .avia_search_element.av-llnk0vf9-572295cbe799086abc5f766497a5d088 #searchsubmit{\nbackground-color:#2fc4b2;\n}\n#top .avia_search_element.av-llnk0vf9-572295cbe799086abc5f766497a5d088 .av_searchsubmit_wrapper{\nbackground-color:#2fc4b2;\n}\n<\/style>\n<div  class='avia_search_element av-llnk0vf9-572295cbe799086abc5f766497a5d088  avia-builder-el-7  avia-builder-el-no-sibling '><search><form action='https:\/\/www.timetrackapp.com\/en\/' id='searchform_element' method='get' class='av_disable_ajax_search' data-element_id='av-llnk0vf9-572295cbe799086abc5f766497a5d088' ><div class='av_searchform_wrapper'><input type='search' value='' id='s' name='s' placeholder='Enter your search term' aria-label='Enter your search term' class='av-input-field ' required \/><div class='av_searchsubmit_wrapper av-submit-hasiconlabel'><span class='av-button-icon av-search-icon avia-iconfont avia-font-entypo-fontello' data-av_icon='\ue803' data-av_iconfont='entypo-fontello' ><\/span><input type='submit' value='Find' id='searchsubmit' class='button ' title='View results on search page' aria-label='View results on search page' \/><\/div><input type='hidden' name='numberposts' value='5' \/><input type='hidden' name='results_hide_fields' value='' \/><\/div><\/form><\/search><\/div><\/div>\n<div  class='flex_column av-9jcpirq-421d04cee2937b0c3b22e919cc2ba553 av_one_full  avia-builder-el-8  el_after_av_two_fifth  el_before_av_one_full  first flex_column_div  '     ><section  class='av_textblock_section av-llnk1682-f1b2c79beb3a5109d73a230368155d63 '   itemscope=\"itemscope\" itemtype=\"https:\/\/schema.org\/BlogPosting\" itemprop=\"blogPost\" ><div class='avia_textblock'  itemprop=\"text\" ><p data-pm-slice=\"1 1 &#091;&#093;\">We\u2019re all familiar with that \u201cduvet day\u201d feeling\u2014the one where mustering the motivation to start the day feels like an uphill battle, and the need to hit the snooze button and snuggle back under the covers is hard to resist.<\/p>\n<p>So, what do most people do? They call in sick even when they\u2019re not unwell. However, numerous companies have incorporated duvet days into their official employment policies just a way to mitigate this absenteeism.<\/p>\n<\/div><\/section><\/div>\n<div class='flex_column_table av-8zzvscm-cd605f690d5ced29cea9c7b94ef2980e sc-av_one_full av-equal-height-column-flextable'>\n<style type=\"text\/css\" data-created_by=\"avia_inline_auto\" id=\"style-css-av-8zzvscm-cd605f690d5ced29cea9c7b94ef2980e\">\n.flex_column.av-8zzvscm-cd605f690d5ced29cea9c7b94ef2980e{\npadding:3% 3% 3% 3%;\nbackground-color:#a7c4e8;\n}\n<\/style>\n<div  id=\"What_is_a_duvet_day\"  class='flex_column av-8zzvscm-cd605f690d5ced29cea9c7b94ef2980e av_one_full  avia-builder-el-10  el_after_av_one_full  el_before_av_one_full  first flex_column_table_cell av-equal-height-column av-align-top  column-top-margin'     ><section  class='av_textblock_section av-llnk1lz0-b98cf7dfeb91588f5e17b380c25014dc '   itemscope=\"itemscope\" itemtype=\"https:\/\/schema.org\/BlogPosting\" itemprop=\"blogPost\" ><div class='avia_textblock'  itemprop=\"text\" ><h2 id=\"Stellenplanmethode_Definition\" style=\"text-align: center;\" data-pm-slice=\"1 1 &#091;&#093;\">What is a duvet day?<\/h2>\n<p data-pm-slice=\"1 1 &#091;&#093;\">A duvet day constitutes an<strong> authorised<\/strong> and <strong>unscheduled break<\/strong> that employees can take when they find themselves disinclined to work. It offers a chance for employees to take relax and detach from responsibilities for a blissful day.<\/p>\n<p>The concept of a duvet day is refreshingly straightforward; unlike other absences or holiday allowances, there\u2019s no need to explain other than stating your intention to utilise your <strong>duvet day allowance<\/strong>.<\/p>\n<p>Consider it more as an endorsed, generally compensated, single-day vacation. Additionally:<\/p>\n<ul>\n<li>It\u2019s typically integrated into an employee\u2019s overall <strong>compensation arrangement<\/strong>.<\/li>\n<li>It complements an individual\u2019s <strong>annual vacation entitlement<\/strong>.<\/li>\n<li>Although advanced notice<strong> isn\u2019t mandatory<\/strong> (companies appreciate it), it is a feature.<\/li>\n<\/ul>\n<p>This duvet day is frequently a benefit outlined in most employee contracts. In addition to a person\u2019s annual leave allocation, employees of a company might ask employees to grant them one duvet day annually.<\/p>\n<p>It\u2019s one of those days when <strong>motivation<\/strong> is completely absent. Companies that acknowledge the validity of such days contribute to their employee&#8217;s well-being, higher productivity, and contentment.<\/p>\n<\/div><\/section><\/div><\/div><!--close column table wrapper. Autoclose: 1 -->\n<div  class='flex_column av-8jg3bae-bb05717ebd1bda472e9dd66818738d83 av_one_full  avia-builder-el-12  el_after_av_one_full  el_before_av_one_full  first flex_column_div  column-top-margin'     ><style type=\"text\/css\" data-created_by=\"avia_inline_auto\" id=\"style-css-av-86b2f5y-ba07b52ae86a767bf7b2faeba5255d9f\">\n.avia-image-container.av-86b2f5y-ba07b52ae86a767bf7b2faeba5255d9f img.avia_image{\nbox-shadow:none;\n}\n.avia-image-container.av-86b2f5y-ba07b52ae86a767bf7b2faeba5255d9f .av-image-caption-overlay-center{\ncolor:#ffffff;\n}\n<\/style>\n<div  class='avia-image-container av-86b2f5y-ba07b52ae86a767bf7b2faeba5255d9f av-styling- avia-align-center  avia-builder-el-13  avia-builder-el-no-sibling '   itemprop=\"image\" itemscope=\"itemscope\" itemtype=\"https:\/\/schema.org\/ImageObject\" ><div class=\"avia-image-container-inner\"><div class=\"avia-image-overlay-wrap\"><img decoding=\"async\" fetchpriority=\"high\" class='wp-image-44558 avia-img-lazy-loading-not-44558 avia_image ' src=\"https:\/\/www.timetrackapp.com\/wp-content\/uploads\/2023\/08\/duvet-day-image1.png\" alt='duvet-day-image1' title=''  height=\"989\" width=\"2025\"  itemprop=\"thumbnailUrl\" srcset=\"https:\/\/www.timetrackapp.com\/wp-content\/uploads\/2023\/08\/duvet-day-image1.png 2025w, https:\/\/www.timetrackapp.com\/wp-content\/uploads\/2023\/08\/duvet-day-image1-300x147.png 300w, https:\/\/www.timetrackapp.com\/wp-content\/uploads\/2023\/08\/duvet-day-image1-1030x503.png 1030w, https:\/\/www.timetrackapp.com\/wp-content\/uploads\/2023\/08\/duvet-day-image1-768x375.png 768w, https:\/\/www.timetrackapp.com\/wp-content\/uploads\/2023\/08\/duvet-day-image1-1536x750.png 1536w, https:\/\/www.timetrackapp.com\/wp-content\/uploads\/2023\/08\/duvet-day-image1-1500x733.png 1500w, https:\/\/www.timetrackapp.com\/wp-content\/uploads\/2023\/08\/duvet-day-image1-705x344.png 705w, https:\/\/www.timetrackapp.com\/wp-content\/uploads\/2023\/08\/duvet-day-image1-595xh.png 595w\" sizes=\"(max-width: 2025px) 100vw, 2025px\" \/><\/div><\/div><\/div><\/div>\n<div  class='flex_column av-7n61grq-4e76117d0197d3b4e36f765ae559e919 av_one_full  avia-builder-el-14  el_after_av_one_full  el_before_av_one_full  first flex_column_div  column-top-margin'     ><section  class='av_textblock_section av-llnk1wc4-a19d2b008bd7027c0893db8229e864b7 '   itemscope=\"itemscope\" itemtype=\"https:\/\/schema.org\/BlogPosting\" itemprop=\"blogPost\" ><div class='avia_textblock'  itemprop=\"text\" ><h3 data-pm-slice=\"1 1 &#091;&#093;\">Origins of the term \u2018Duvet Day\u2019<\/h3>\n<p>The concept of duvet day traces its <span style=\"color: #3c80ed;\"><a style=\"color: #3c80ed;\" href=\"https:\/\/wordspy.com\/words\/duvet-day\/\" target=\"_blank\" rel=\"noopener noreferrer\">origins back to 1997<\/a><\/span> when the UK company August . One Communications introduced this innovative approach. They aimed to offer employees the flexibility of spontaneous time off without needing prior planning.<\/p>\n<p>This idea gained traction and was adopted by another PR company, Text 100, the first to garner media attention regarding duvet days.<\/p>\n<p>However, duvet days have not been universally embraced. Critics argue that they might foster a sense of indolence and a diminished sense of responsibility, potentially encouraging excessive indulgence the night before.<\/p>\n<p>This could inadvertently allow employees to establish a precedent that transforms into prevalent workplace behaviour.<\/p>\n<\/div><\/section><\/div>\n<div  class='flex_column av-6y60hl2-c21407f2f827b7eb0d35b2aeadf0a74d av_one_full  avia-builder-el-16  el_after_av_one_full  el_before_av_textblock  first flex_column_div  column-top-margin'     ><section  class='av_textblock_section av-llnk28y1-56405c941014967efbd773842165f010 '   itemscope=\"itemscope\" itemtype=\"https:\/\/schema.org\/BlogPosting\" itemprop=\"blogPost\" ><div class='avia_textblock'  itemprop=\"text\" ><h2 data-pm-slice=\"1 1 &#091;&#093;\">Distinguishing duvet days from conventional leave<\/h2>\n<hr \/>\n<p data-pm-slice=\"1 1 &#091;&#093;\">Duvet days stand apart from traditional sick days, leave, and vacations in distinct ways:<\/p>\n<\/div><\/section><\/div>\n<section  class='av_textblock_section av-llnly776-8237cd329e0ce9fcfb6744352c3c4952 '   itemscope=\"itemscope\" itemtype=\"https:\/\/schema.org\/BlogPosting\" itemprop=\"blogPost\" ><div class='avia_textblock'  itemprop=\"text\" ><\/div><\/section>\n\n<style type=\"text\/css\" data-created_by=\"avia_inline_auto\" id=\"style-css-av-llnk6h8f-32d651ba5ec5fa835497fa43034d8c14\">\n#top .avia-icon-list-container.av-llnk6h8f-32d651ba5ec5fa835497fa43034d8c14 .iconlist_icon{\nbackground-color:#26afc0;\n}\n#top #wrap_all .avia-icon-list-container.av-llnk6h8f-32d651ba5ec5fa835497fa43034d8c14 .av_iconlist_title{\ncolor:#000000;\n}\n<\/style>\n<div  class='avia-icon-list-container av-llnk6h8f-32d651ba5ec5fa835497fa43034d8c14  avia-builder-el-19  el_after_av_textblock  el_before_av_one_full '><ul class='avia-icon-list avia_animate_when_almost_visible avia-icon-list-left av-iconlist-big av-llnk6h8f-32d651ba5ec5fa835497fa43034d8c14 avia-iconlist-animate'>\n<li><div class='iconlist_icon av-llnk3f4h-2f06521c0934929f5ea781404eabfba2 avia-font-entypo-fontello avia-iconfont avia-font-entypo-fontello'><span class='av-icon-char' data-av_icon='\ue89a' data-av_iconfont='entypo-fontello' aria-hidden=\"true\"><\/span><\/div><article class=\"article-icon-entry \"  itemscope=\"itemscope\" itemtype=\"https:\/\/schema.org\/BlogPosting\" itemprop=\"blogPost\" ><div class=\"iconlist_content_wrap\"><header class=\"entry-content-header\" aria-label=\"Icon: \"><\/header><div class='iconlist_content '  itemprop=\"text\" ><h3 data-pm-slice=\"1 1 &#091;&#093;\"><span style=\"color: #000000;\">1. <\/span>Nature of time offer<\/h3>\n<hr \/>\n<ul data-pm-slice=\"3 3 &#091;&#093;\">\n<li><span style=\"color: #000000;\"><strong>Duvet days:<\/strong> offer a spontaneous, ad hoc break that allows employees to take a day off without prior planning. They are meant for when a break is needed but not necessarily due to illness or scheduled vacation.<\/span><\/li>\n<li><span style=\"color: #000000;\"><strong>Sick leave<\/strong> is taken when employees are genuinely unwell and unable to perform their duties.<\/span><\/li>\n<li><span style=\"color: #000000;\"><strong>Vacation:<\/strong> is planned for leisure, rest, or travel.<\/span><\/li>\n<\/ul>\n<\/div><\/div><footer class=\"entry-footer\"><\/footer><\/article><div class=\"iconlist-timeline\"><\/div><\/li>\n<li><div class='iconlist_icon av-llnk4hsl-cecd8ac58da6f314fa0aa13909d7ffe2 avia-font-entypo-fontello avia-iconfont avia-font-entypo-fontello'><span class='av-icon-char' data-av_icon='\ue89a' data-av_iconfont='entypo-fontello' aria-hidden=\"true\"><\/span><\/div><article class=\"article-icon-entry \"  itemscope=\"itemscope\" itemtype=\"https:\/\/schema.org\/BlogPosting\" itemprop=\"blogPost\" ><div class=\"iconlist_content_wrap\"><header class=\"entry-content-header\" aria-label=\"Icon: \"><\/header><div class='iconlist_content '  itemprop=\"text\" ><h3 data-pm-slice=\"1 1 &#091;&#093;\"><span style=\"color: #000000;\">2. <\/span>Purpose and usage<\/h3>\n<hr \/>\n<ul data-pm-slice=\"3 3 &#091;&#093;\">\n<li><span style=\"color: #000000;\"><strong>Duvet days:<\/strong> provide a breather for personal rejuvenation, mental relaxation, or unforeseen circumstances.<\/span><\/li>\n<li><span style=\"color: #000000;\"><strong>Sick leave:<\/strong> is utilised when an employee is medically unfit for work due to illness or health concerns.<\/span><\/li>\n<li><span style=\"color: #000000;\"><strong>Vacation:<\/strong> is designated time for rest, leisure, travel, or personal activities.<\/span><\/li>\n<\/ul>\n<\/div><\/div><footer class=\"entry-footer\"><\/footer><\/article><div class=\"iconlist-timeline\"><\/div><\/li>\n<li><div class='iconlist_icon av-llnk557v-c583b7fa7465919b85e6f7208573d27e avia-font-entypo-fontello avia-iconfont avia-font-entypo-fontello'><span class='av-icon-char' data-av_icon='\ue89a' data-av_iconfont='entypo-fontello' aria-hidden=\"true\"><\/span><\/div><article class=\"article-icon-entry \"  itemscope=\"itemscope\" itemtype=\"https:\/\/schema.org\/BlogPosting\" itemprop=\"blogPost\" ><div class=\"iconlist_content_wrap\"><header class=\"entry-content-header\" aria-label=\"Icon: \"><\/header><div class='iconlist_content '  itemprop=\"text\" ><h3 data-pm-slice=\"1 1 &#091;&#093;\"><span style=\"color: #000000;\">3. <\/span>Approval and process<\/h3>\n<hr \/>\n<ul data-pm-slice=\"3 3 &#091;&#093;\">\n<li><span style=\"color: #000000;\"><strong>Duvet days:<\/strong> might not require formal approval and can be taken without an extended notice period.<\/span><\/li>\n<li><span style=\"color: #000000;\"><strong>Sick leave:<\/strong> usually requires medical validation and may need to follow company-specific protocols.<\/span><\/li>\n<li><span style=\"color: #000000;\"><strong>Vacation:<\/strong> need to be requested in advance, following the company\u2019s established procedures.<\/span><\/li>\n<\/ul>\n<\/div><\/div><footer class=\"entry-footer\"><\/footer><\/article><div class=\"iconlist-timeline\"><\/div><\/li>\n<li><div class='iconlist_icon av-llnk5t9o-3af969edfd9837c32200d921a50b0317 avia-font-entypo-fontello avia-iconfont avia-font-entypo-fontello'><span class='av-icon-char' data-av_icon='\ue89a' data-av_iconfont='entypo-fontello' aria-hidden=\"true\"><\/span><\/div><article class=\"article-icon-entry \"  itemscope=\"itemscope\" itemtype=\"https:\/\/schema.org\/BlogPosting\" itemprop=\"blogPost\" ><div class=\"iconlist_content_wrap\"><header class=\"entry-content-header\" aria-label=\"Icon: \"><\/header><div class='iconlist_content '  itemprop=\"text\" ><h3 data-pm-slice=\"1 1 &#091;\">4. Frequency and timing<\/h3>\n<hr \/>\n<ul data-pm-slice=\"3 3 &#091;&#093;\">\n<li><span style=\"color: #000000;\"><strong>Duvet days:<\/strong> are often limited and are intended for sporadic use, providing flexibility during unexpected situations.<\/span><\/li>\n<li><span style=\"color: #000000;\"><strong>Sick leave:<\/strong> can be taken as needed when an employee is genuinely unwell, but frequent absences might raise concerns.<\/span><\/li>\n<li><span style=\"color: #000000;\"><strong>Vacations:<\/strong> are usually planned following an employee\u2019s annual leave entitlement.<\/span><\/li>\n<\/ul>\n<\/div><\/div><footer class=\"entry-footer\"><\/footer><\/article><div class=\"iconlist-timeline\"><\/div><\/li>\n<li><div class='iconlist_icon av-llnk6akp-b94dabe6f9e307dd59e612cae18e58d5 avia-font-entypo-fontello avia-iconfont avia-font-entypo-fontello'><span class='av-icon-char' data-av_icon='\ue89a' data-av_iconfont='entypo-fontello' aria-hidden=\"true\"><\/span><\/div><article class=\"article-icon-entry \"  itemscope=\"itemscope\" itemtype=\"https:\/\/schema.org\/BlogPosting\" itemprop=\"blogPost\" ><div class=\"iconlist_content_wrap\"><header class=\"entry-content-header\" aria-label=\"Icon: \"><\/header><div class='iconlist_content '  itemprop=\"text\" ><h3 data-pm-slice=\"1 1 &#091;\">5. Precedence and norms<\/h3>\n<hr \/>\n<ul data-pm-slice=\"3 3 &#091;&#093;\">\n<li><span style=\"color: #000000;\"><strong>Duvet days:<\/strong> if not managed well, it might encourage a culture of unplanned absenteeism.<\/span><\/li>\n<li><span style=\"color: #000000;\"><strong>Sick leave:<\/strong> is established for genuine health-related reasons and is often covered by workplace policies.<\/span><\/li>\n<li><span style=\"color: #000000;\"><strong>Vacation:<\/strong> is a recognised form of <a style=\"color: #000000;\" href=\"https:\/\/www.timetrackapp.com\/en\/blog\/rest-and-recharge\/\" target=\"_blank\" rel=\"noopener noreferrer\">rest and recharge<\/a> and is generally expected and accommodated within workplace dynamics.<\/span><\/li>\n<\/ul>\n<\/div><\/div><footer class=\"entry-footer\"><\/footer><\/article><div class=\"iconlist-timeline\"><\/div><\/li>\n<\/ul><\/div>\n<div  id=\"Duvet_days_benefits\"  class='flex_column av-6jzd012-3ef13dca37f3667acd72b8957df2277c av_one_full  avia-builder-el-20  el_after_av_iconlist  el_before_av_one_full  first flex_column_div  '     ><section  class='av_textblock_section av-llnk6yip-567dc75cb6935da6038589b499eb21d6 '   itemscope=\"itemscope\" itemtype=\"https:\/\/schema.org\/BlogPosting\" itemprop=\"blogPost\" ><div class='avia_textblock'  itemprop=\"text\" ><h2 data-pm-slice=\"1 1 &#091;&#093;\">The benefits of having duvet days<\/h2>\n<hr \/>\n<p data-pm-slice=\"1 1 &#091;&#093;\">According to research from a <span style=\"color: #3c80ed;\"><a style=\"color: #3c80ed;\" href=\"https:\/\/hrnews.co.uk\/duvet-days-the-growing-trend-among-stressed-out-uk-workers\/\" target=\"_blank\" rel=\"noopener noreferrer\">Time 4 Sleep survey<\/a><\/span>, <strong>61% of adults<\/strong> in the UK openly admitted to embracing the concept of a duvet day as a strategy for recovering from their demanding work schedules.<\/p>\n<p>Interestingly, the top trio of common reasons for driving this choice were <strong>tiredness<\/strong>, feelings of <strong>anxiety<\/strong>, and the weight of <strong>stress<\/strong>.<\/p>\n<p>Incorporating the provision of duvet days can truly revolutionise any work setting, ushering in a host of positive productivity, positive impacts, and favourable outcomes that encourage employees.<\/p>\n<p>Here are a few of our top tips on the invaluable<strong> benefits<\/strong> it brings:<\/p>\n<\/div><\/section><\/div>\n<div  class='flex_column av-6b3gsp2-83247b6627ac30d5b2e1b76b0ba3ed47 av_one_full  avia-builder-el-22  el_after_av_one_full  el_before_av_one_full  first flex_column_div  column-top-margin'     ><section  class='av_textblock_section av-llnka8aj-383d708575af273558ffd1552cac6d74 '   itemscope=\"itemscope\" itemtype=\"https:\/\/schema.org\/BlogPosting\" itemprop=\"blogPost\" ><div class='avia_textblock'  itemprop=\"text\" ><h3 data-pm-slice=\"1 1 &#091;&#093;\">1) Boosts employee mental health<\/h3>\n<p>Employee stress is decidedly rising in the UK, with <span style=\"color: #3c80ed;\"><a style=\"color: #3c80ed;\" href=\"https:\/\/www.perkbox.com\/uk\/resources\/library\/2020-workplace-stress-survey#:~:text=in%20the%20UK%3F-,In%202020%2C%20of%20British%20adults%20in%20employment%20%E2%80%93%20a%20staggering%2079,stress%20is%20on%20the%20rise.\" target=\"_blank\" rel=\"noopener noreferrer\">79% of working adults<\/a> <\/span>tangled in the web of work-related stress. What\u2019s piling on the pressure? Well, it\u2019s the usual suspects: <strong>workplace politics, communication gaps, and the way others around them are performing<\/strong>.<\/p>\n<p>If not kept in check, this stress can take quite a toll on employees. It can escalate to a breaking point of employee burnout, causing morale to plummet, motivation to fade, and even productivity levels to wave goodbye.<\/p>\n<p>In unfortunate cases, it might even lead employees to wave goodbye to the company.<\/p>\n<p>But here\u2019s an interesting twist: about <span style=\"color: #3c80ed;\"><a style=\"color: #3c80ed;\" href=\"https:\/\/www.time4sleep.co.uk\/blog\/five-signs-you-might-need-to-take-a-duvet-day\" target=\"_blank\" rel=\"noopener noreferrer\">36% of grown-ups<\/a> <\/span>think that Duvet Days have a rather nifty role to play in this stress and anxiety tango.<\/p>\n<p>These days off offer a chance to mend the lost bits of productivity and motivation, time, extra sleep, and energy. Quite the silver lining.<\/p>\n<h3>2) Mitigating burnout<\/h3>\n<p>With their unique and refreshing approach to time off, duvet days play a significant role in embodying the concept of the \u201c<span style=\"color: #3c80ed;\"><a style=\"color: #3c80ed;\" href=\"https:\/\/www.timetrackapp.com\/en\/blog\/modern-workplace\/\" target=\"_blank\" rel=\"noopener noreferrer\">modern workplace<\/a><\/span>.\u201d This term encapsulates a work ethos shaped by evolving employee perspectives, the rapid march of technology, and a transformation in societal norms.<\/p>\n<p>At its core, this contemporary workplace narrative prioritises employee well-being, embraces flexibility, and accommodates remote work arrangements.<\/p>\n<p>Departing from conventional office norms, it amplifies the significance of fostering innovation and nurturing creativity.<\/p>\n<p>Burnout, characterised by emotional exhaustion, reduced performance, and a sense of detachment, has become a familiar adversary in today\u2019s demanding work environment.<\/p>\n<p>By granting employees the freedom to take an occasional, unscheduled break without the need for rigid planning, duvet days serve as a pressure valve.<\/p>\n<h3>3) Increases employee performance duvet days<\/h3>\n<p>A rejuvenating vacation has the power to leave you refreshed and revitalised. The benefits of taking duvet days are equally true, albeit on a more compact scale.<\/p>\n<p>Imagine this scenario: you find yourself at the brink of a weekend and decide to extend it by a week every day. Voil\u00e0!<\/p>\n<p>Suddenly, you\u2019ve carved out a little extra time to unwind and recharge.<\/p>\n<p>Interestingly, this advantage appears to hold even more weight for women. A <span style=\"color: #3c80ed;\"><a style=\"color: #3c80ed;\" href=\"https:\/\/www.dreams.co.uk\/sleep-matters-club\/25-facts-about-sleep\" target=\"_blank\" rel=\"noopener noreferrer\">remarkable statistic reveals that 24% of women<\/a><\/span> experience challenges accomplishing work projects after a night of inadequate sleep.<\/p>\n<h3>4) Attracts top-level talent<\/h3>\n<p>Implementing a robust strategy for Duvet Days, alongside a comprehensive approach to improve employee well-being, can significantly aid in the attraction of highly desirable professionals.<\/p>\n<p>Job candidates are significantly more inclined to embrace an offer with a comprehensive fitness and wellness package.<\/p>\n<p>Notably, <span style=\"color: #3c80ed;\"><a style=\"color: #3c80ed;\" href=\"https:\/\/growthbusiness.co.uk\/duvet-day-brits-skip-work-stress-17992\/\" target=\"_blank\" rel=\"noopener noreferrer\">65% of individuals<\/a><\/span> express a heightened interest in a position if the company prominently includes Duvet Days as part of its benefits.<\/p>\n<p>As highlighted by a collaborative study from<span style=\"color: #3c80ed;\"> <a style=\"color: #3c80ed;\" href=\"https:\/\/www.dreams.co.uk\/sleep-matters-club\/25-facts-about-sleep\" target=\"_blank\" rel=\"noopener noreferrer\">Dreams and Loughborough University<\/a><\/span>, 33% of employees would be less likely to scout for new job opportunities if their employer proactively extended sleep support.<\/p>\n<p>This speaks volumes about the allure of businesses that prioritise their workforce\u2019s physical and mental health.<\/p>\n<p>Such considerations motivate top-tier talent and foster a workplace culture that values employees\u2019 holistic welfare.<\/p>\n<h3>5) Reduces absenteeism because of sick days<\/h3>\n<p>Although giving employees more time off might appear contrary to reducing absences, the long-term benefits can be substantial.<\/p>\n<p>In the <span style=\"color: #3c80ed;\"><a style=\"color: #3c80ed;\" href=\"https:\/\/www.cipd.org\/uk\/knowledge\/reports\/health-well-being-work\/\" target=\"_blank\" rel=\"noopener noreferrer\">UK labour landscape<\/a><\/span>, mental health and stress struggles are leading culprits behind extended periods of workplace absence.<\/p>\n<p>Introducing the concept of duvet days into the yearly calendar can prove pivotal in addressing this challenge. This innovative approach offers employees a series of regular chances to address and enhance their stress levels or mental health and well-being.<\/p>\n<p>This proactive approach to managing these concerns can effectively prevent their accumulation, thereby averting the need for extended leaves of absence.<\/p>\n<\/div><\/section><\/div>\n<div  class='flex_column av-5v1lgxy-ad8b47ffb79b3dac4126d252115bc2c3 av_one_full  avia-builder-el-24  el_after_av_one_full  el_before_av_one_full  first flex_column_div  column-top-margin'     ><style type=\"text\/css\" data-created_by=\"avia_inline_auto\" id=\"style-css-av-5dm2lc6-1b13557d4e4887b606ce676fde653267\">\n.avia-image-container.av-5dm2lc6-1b13557d4e4887b606ce676fde653267 img.avia_image{\nbox-shadow:none;\n}\n.avia-image-container.av-5dm2lc6-1b13557d4e4887b606ce676fde653267 .av-image-caption-overlay-center{\ncolor:#ffffff;\n}\n<\/style>\n<div  class='avia-image-container av-5dm2lc6-1b13557d4e4887b606ce676fde653267 av-styling- avia-align-center  avia-builder-el-25  avia-builder-el-no-sibling '   itemprop=\"image\" itemscope=\"itemscope\" itemtype=\"https:\/\/schema.org\/ImageObject\" ><div class=\"avia-image-container-inner\"><div class=\"avia-image-overlay-wrap\"><img decoding=\"async\" fetchpriority=\"high\" class='wp-image-44562 avia-img-lazy-loading-not-44562 avia_image ' src=\"https:\/\/www.timetrackapp.com\/wp-content\/uploads\/2023\/08\/duvet-day-image.png\" alt='duvet-day-image' title=''  height=\"989\" width=\"2025\"  itemprop=\"thumbnailUrl\" srcset=\"https:\/\/www.timetrackapp.com\/wp-content\/uploads\/2023\/08\/duvet-day-image.png 2025w, https:\/\/www.timetrackapp.com\/wp-content\/uploads\/2023\/08\/duvet-day-image-300x147.png 300w, https:\/\/www.timetrackapp.com\/wp-content\/uploads\/2023\/08\/duvet-day-image-1030x503.png 1030w, https:\/\/www.timetrackapp.com\/wp-content\/uploads\/2023\/08\/duvet-day-image-768x375.png 768w, https:\/\/www.timetrackapp.com\/wp-content\/uploads\/2023\/08\/duvet-day-image-1536x750.png 1536w, https:\/\/www.timetrackapp.com\/wp-content\/uploads\/2023\/08\/duvet-day-image-1500x733.png 1500w, https:\/\/www.timetrackapp.com\/wp-content\/uploads\/2023\/08\/duvet-day-image-705x344.png 705w, https:\/\/www.timetrackapp.com\/wp-content\/uploads\/2023\/08\/duvet-day-image-595xh.png 595w\" sizes=\"(max-width: 2025px) 100vw, 2025px\" \/><\/div><\/div><\/div><\/div>\n<div  id=\"Employer_perspective\"  class='flex_column av-4p7cxly-d6206e1a686192eb4824a8a2091658cd av_one_full  avia-builder-el-26  el_after_av_one_full  el_before_av_one_full  first flex_column_div  column-top-margin'     ><section  class='av_textblock_section av-llnkbl6d-c4e2572576e48107ad47490dd5c2804e '   itemscope=\"itemscope\" itemtype=\"https:\/\/schema.org\/BlogPosting\" itemprop=\"blogPost\" ><div class='avia_textblock'  itemprop=\"text\" ><h2 data-pm-slice=\"1 1 &#091;&#093;\">Employer perspective: Offering duvet days<\/h2>\n<hr \/>\n<p data-pm-slice=\"1 1 &#091;&#093;\">One perspective argues that duvet days could potentially indulge people\u2019s penchant for laziness.<\/p>\n<p>Admit it; we\u2019ve all experienced those moments when we want more sleep to stay wrapped in a duvet day in bed. But if duvet days aren\u2019t part of the equation, we\u2019re left grappling with our inclinations and dragging ourselves to work.<\/p>\n<p>Naturally, duvet days might not align with the dynamics of every organisation.<\/p>\n<p>Other avenues to nurture your team\u2019s well-being and amplify productivity, such as early-finish Fridays, flexible work arrangements, or employee recognition initiatives, could better suit your organisation\u2019s ethos.<\/p>\n<p>While implementing duvet days boasts numerous business advantages, they might not be a seamless fit for every company.<\/p>\n<p>Here\u2019s what every business has to ponder when deciding whether to embrace duvet days:<\/p>\n<\/div><\/section><\/div>\n<div  class='flex_column av-4azkq06-a92a6aa84a053d7305559b9fd4ddfe2f av_one_full  avia-builder-el-28  el_after_av_one_full  el_before_av_one_half  first flex_column_div  column-top-margin'     ><section  class='av_textblock_section av-llnkc1we-1040cbece8891ffb4572db4dce77cdc8 '   itemscope=\"itemscope\" itemtype=\"https:\/\/schema.org\/BlogPosting\" itemprop=\"blogPost\" ><div class='avia_textblock'  itemprop=\"text\" ><h3>1. Company culture<\/h3>\n<p>Duvet days flourish most splendidly within organisations that strongly emphasise employee welfare and boast a<strong> positive company culture<\/strong>.<\/p>\n<p>If your company culture is already geared toward work-life balance and the overall well being-being of your team, introducing duvet days might feel like a natural extension.<\/p>\n<\/div><\/section><\/div>\n<div  class='flex_column av-3zx7l52-feb3fa696e758b359c04dc2c02d9f177 av_one_half  avia-builder-el-30  el_after_av_one_full  el_before_av_one_half  first flex_column_div  column-top-margin'     ><section  class='av_textblock_section av-llnkctol-7fd548a8ac0b38e8415b5d3686c7ca61 '   itemscope=\"itemscope\" itemtype=\"https:\/\/schema.org\/BlogPosting\" itemprop=\"blogPost\" ><div class='avia_textblock'  itemprop=\"text\" ><h3>2. Operational needs<\/h3>\n<p>While offering substantial benefits, Duvet days can pose challenges if taken excessively or at inopportune moments. This is where the role of<strong> Absence Management Software<\/strong> comes into play.<\/p>\n<p>For companies that operate on tight deadlines or heavily depend on a small team of indispensable individuals, careful consideration of how many duvet days off is crucial.<\/p>\n<p>Implementing <a href=\"https:\/\/www.timetrackapp.com\/en\/absence-management-software\/\" target=\"_blank\" rel=\"noopener noreferrer\"><span style=\"color: #3c80ed;\">TimeTracks\u2019 Absence Management Software<\/span><\/a> can provide a structured approach to monitoring and regulating such leaves, ensuring that they don\u2019t disrupt critical operations.<\/p>\n<p>Conversely, organisations with a larger staff and more adaptable timelines can find duvet days to be a seamless fit.<\/p>\n<p>The integration of an an absence policy into management software can enhance the<strong> efficiency<\/strong> of handling these leaves across a broader spectrum, making the process smoother for both employees and management.<\/p>\n<\/div><\/section><\/div>\n\n<style type=\"text\/css\" data-created_by=\"avia_inline_auto\" id=\"style-css-av-3ete6x2-f7606ef98cb2002f0d317eddb7e1c04c\">\n.flex_column.av-3ete6x2-f7606ef98cb2002f0d317eddb7e1c04c{\nborder-radius:0px 0px 0px 0px;\npadding:0px 0px 0px 0px;\n}\n<\/style>\n<div  class='flex_column av-3ete6x2-f7606ef98cb2002f0d317eddb7e1c04c av_one_half  avia-builder-el-32  el_after_av_one_half  el_before_av_one_full  flex_column_div av-animated-generic right-to-left av-zero-column-padding  column-top-margin'     ><p><div  class='hr av-36t43t2-bd47777193c92a24ed6f586480930ed0 hr-default  avia-builder-el-33  el_before_av_image  avia-builder-el-first '><span class='hr-inner '><span class=\"hr-inner-style\"><\/span><\/span><\/div><br \/>\n\n<style type=\"text\/css\" data-created_by=\"avia_inline_auto\" id=\"style-css-av-2ommahy-1cf61f82857c6346a213f2b535cc02b4\">\n.avia-image-container.av-2ommahy-1cf61f82857c6346a213f2b535cc02b4 img.avia_image{\nbox-shadow:none;\n}\n.avia-image-container.av-2ommahy-1cf61f82857c6346a213f2b535cc02b4 .av-image-caption-overlay-center{\ncolor:#ffffff;\n}\n<\/style>\n<div  class='avia-image-container av-2ommahy-1cf61f82857c6346a213f2b535cc02b4 av-styling- av-img-linked avia-align-center  avia-builder-el-34  el_after_av_hr  avia-builder-el-last '   itemprop=\"image\" itemscope=\"itemscope\" itemtype=\"https:\/\/schema.org\/ImageObject\" ><div class=\"avia-image-container-inner\"><div class=\"avia-image-overlay-wrap\"><a href=\"https:\/\/www.timetrackapp.com\/wp-content\/uploads\/2023\/08\/duvet-day-software-1030x721.png\" data-srcset=\"https:\/\/www.timetrackapp.com\/wp-content\/uploads\/2023\/08\/duvet-day-software-1030x721.png 1030w, https:\/\/www.timetrackapp.com\/wp-content\/uploads\/2023\/08\/duvet-day-software-300x210.png 300w, https:\/\/www.timetrackapp.com\/wp-content\/uploads\/2023\/08\/duvet-day-software-768x538.png 768w, https:\/\/www.timetrackapp.com\/wp-content\/uploads\/2023\/08\/duvet-day-software-705x494.png 705w, https:\/\/www.timetrackapp.com\/wp-content\/uploads\/2023\/08\/duvet-day-software-595xh.png 595w, https:\/\/www.timetrackapp.com\/wp-content\/uploads\/2023\/08\/duvet-day-software.png 1174w\" data-sizes=\"(max-width: 1030px) 100vw, 1030px\" class='avia_image '  ><img decoding=\"async\" fetchpriority=\"high\" class='wp-image-44564 avia-img-lazy-loading-not-44564 avia_image ' src=\"https:\/\/www.timetrackapp.com\/wp-content\/uploads\/2023\/08\/duvet-day-software.png\" alt='duvet-day-software' title=''  height=\"822\" width=\"1174\"  itemprop=\"thumbnailUrl\" srcset=\"https:\/\/www.timetrackapp.com\/wp-content\/uploads\/2023\/08\/duvet-day-software.png 1174w, https:\/\/www.timetrackapp.com\/wp-content\/uploads\/2023\/08\/duvet-day-software-300x210.png 300w, https:\/\/www.timetrackapp.com\/wp-content\/uploads\/2023\/08\/duvet-day-software-1030x721.png 1030w, https:\/\/www.timetrackapp.com\/wp-content\/uploads\/2023\/08\/duvet-day-software-768x538.png 768w, https:\/\/www.timetrackapp.com\/wp-content\/uploads\/2023\/08\/duvet-day-software-705x494.png 705w, https:\/\/www.timetrackapp.com\/wp-content\/uploads\/2023\/08\/duvet-day-software-595xh.png 595w\" sizes=\"(max-width: 1174px) 100vw, 1174px\" \/><\/a><\/div><\/div><\/div><\/p><\/div>\n<div  class='flex_column av-1yf2izq-5d275732a54532ad594c9a22aa54cdba av_one_full  avia-builder-el-35  el_after_av_one_half  el_before_av_section  avia-builder-el-last  first flex_column_div  column-top-margin'     ><section  class='av_textblock_section av-llnkdkqk-d0b816b0273e591697fee14c1e447762 '   itemscope=\"itemscope\" itemtype=\"https:\/\/schema.org\/BlogPosting\" itemprop=\"blogPost\" ><div class='avia_textblock'  itemprop=\"text\" ><h3>3. Financial Considerations<\/h3>\n<p>Introducing duvet days incurs costs for employees and the company, so financial feasibility should be a factor.<\/p>\n<p>If additional paid time off strains your business, allow employees\u2019 budget; exploring alternative avenues to enhance employee well-being might be warranted.<\/p>\n<p>Ultimately, offering duvet days hinges on a holistic assessment of your company\u2019s culture, operational needs, and financial outlook.<\/p>\n<\/div><\/section><\/div>\n<\/div><\/div><\/div><!-- close content main div --><\/div><\/div>\n<style type=\"text\/css\" data-created_by=\"avia_inline_auto\" id=\"style-css-av-1hjuj46-df8ceeb78726919efd5f8bdbd986ea94\">\n.avia-section.av-1hjuj46-df8ceeb78726919efd5f8bdbd986ea94{\nbackground-repeat:no-repeat;\nbackground-image:url(https:\/\/www.timetrackapp.com\/wp-content\/uploads\/2020\/02\/img_are_you_freelancer.jpg);\nbackground-position:50% 50%;\nbackground-attachment:scroll;\n}\n.avia-section.av-1hjuj46-df8ceeb78726919efd5f8bdbd986ea94 .av-section-color-overlay{\nopacity:1;\n}\n<\/style>\n<div id='call-to-action2'  class='avia-section av-1hjuj46-df8ceeb78726919efd5f8bdbd986ea94 main_color avia-section-large avia-no-border-styling  avia-builder-el-37  el_after_av_one_full  el_before_av_one_full  avia-bg-style-scroll av-section-color-overlay-active container_wrap fullsize'  data-section-bg-repeat='no-repeat'><div class=\"av-section-color-overlay-wrap\"><div class=\"av-section-color-overlay\"><\/div><div class='container av-section-cont-open' ><div class='template-page content  av-content-full alpha units'><div class='post-entry post-entry-type-page post-entry-44486'><div class='entry-content-wrapper clearfix'>\n<section  class='av_textblock_section av-llnm7wfs-85d97be27b51f89542940b9eddeecb47 '   itemscope=\"itemscope\" itemtype=\"https:\/\/schema.org\/BlogPosting\" itemprop=\"blogPost\" ><div class='avia_textblock'  itemprop=\"text\" ><h2 class=\"custom_h1\" style=\"color: #fff;\">Effortless Absence Tracking and Management<\/h2>\n<p><a class=\"default_button\" href=\"https:\/\/cloud.timetrackenterprise.com\/#registration\">Try It Today!<\/a><\/p>\n<\/div><\/section>\n<\/div><\/div><\/div><!-- close content main div --><\/div><\/div><\/div><div id='after_section_2'  class='main_color av_default_container_wrap container_wrap fullsize'  ><div class='container av-section-cont-open' ><div class='template-page content  av-content-full alpha units'><div class='post-entry post-entry-type-page post-entry-44486'><div class='entry-content-wrapper clearfix'>\n<div  id=\"Employee_perspective\"  class='flex_column av-1c11w86-c50287526fc79f0f825ed7d2e95543bc av_one_full  avia-builder-el-39  el_after_av_section  el_before_av_one_full  avia-builder-el-first  first flex_column_div  '     ><section  class='av_textblock_section av-llnkelff-245c629aba66f6570faca187beaaefd4 '   itemscope=\"itemscope\" itemtype=\"https:\/\/schema.org\/BlogPosting\" itemprop=\"blogPost\" ><div class='avia_textblock'  itemprop=\"text\" ><h2 data-pm-slice=\"1 1 &#091;&#093;\">Employee perspective: Taking advantage of duvet days<\/h2>\n<h3>Improves work-life balance<\/h3>\n<p>Duvet days are more than just stress-busters; they\u2019re champions of a better work-life balance and-life balance. Before the global pandemic, the luxury of hybrid, remote, and flexible work setups weren\u2019t as commonplace as today.<\/p>\n<p>Times have indeed changed. For those operating from an office setting, taking a duvet day off promises a healthier work-life equilibrium. It allows them to sidestep the daily commute, dodge meetings, and evade other office-related tasks for a whole day.<\/p>\n<p>As we touched on earlier, those precious hours saved record employee duvet days can be put to good use. But here\u2019s the thing\u2014duvet days aren\u2019t just a boon for in-office workers.<\/p>\n<h3>Establishes better workplace well-being<\/h3>\n<p>Last but not least, let\u2019s talk about the message that duvet days send out\u2014a message that resonates with current employees, new hires and additions, potential candidates, clients, and investors alike.<\/p>\n<p>It\u2019s a message that speaks volumes about a genuine concern for the well-being of your workforce.<\/p>\n<p>Feeling valued is a cornerstone for allowing employees to be at their best. They must know that their voice matters, their worries are acknowledged, and their managers genuinely aim to provide support.<\/p>\n<p>By introducing duvet days into your company\u2019s repertoire, you\u2019re effectively nurturing a culture that places well-being and job satisfaction at the forefront.<\/p>\n<p>Workplace well-being has recently emerged as a pivotal driver for thriving businesses. While duvet days are significant, they aren\u2019t the sole answer to boosting employee health and well-being.<\/p>\n<h3>Boosts employee mental and physical health<\/h3>\n<p>Mental health is a precious asset, and the demands of the modern work environment can sometimes take a toll. Duvet days are a valuable tool to combat stress, anxiety, and burnout.<\/p>\n<p>They allow the employees to take a step away from their responsibilities and take a breather, enabling them to return with renewed energy levels and a clearer mindset.<\/p>\n<p>On the physical front, duvet days provide a chance to catch up on much-needed rest and adoration sleep, often neglected in the hustle of work and life commitments.<\/p>\n<p>Adequate sleep is a cornerstone of physical well-being, contributing to improved immune system function, cognitive sharpness, and overall vitality.<\/p>\n<p>Incorporating duvet days into your company\u2019s wellness strategy showcases your commitment to employee health and nurtures a workplace culture prioritising employee well-being and holistic well-being.<\/p>\n<\/div><\/section><\/div>\n<div  class='flex_column av-q33ysm-c1605345ece8877f8ecac4f2c9b7d33d av_one_full  avia-builder-el-41  el_after_av_one_full  avia-builder-el-last  first flex_column_div  column-top-margin'     ><section  class='av_textblock_section av-llnkeyeq-0c94682a9a7d03c3e46128f4f248ad05 '   itemscope=\"itemscope\" itemtype=\"https:\/\/schema.org\/BlogPosting\" itemprop=\"blogPost\" ><div class='avia_textblock'  itemprop=\"text\" ><h2 data-pm-slice=\"1 1 &#091;&#093;\">Parting thoughts<\/h2>\n<p>If you\u2019re considering the advantages of introducing duvet days to your organisation, it\u2019s advisable to include provisions for them in your official company policy documents.<\/p>\n<p>While you might also contemplate including them in employee contracts, it\u2019s worth noting that such a step could make it more challenging to retract the offering if it\u2019s deemed not conducive to your employees or the company\u2019s interests.<\/p>\n<p>Incorporating duvet days through a policy framework allows you to \u201ctest the waters.\u201d<\/p>\n<p>This approach enables you to observe the frequency of requests and assess their influence on your business operations.<\/p>\n<\/div><\/section><\/div>\n","protected":false},"excerpt":{"rendered":"","protected":false},"author":43,"featured_media":44555,"comment_status":"closed","ping_status":"closed","sticky":false,"template":"","format":"standard","meta":{"footnotes":""},"categories":[164],"tags":[],"class_list":["post-44486","post","type-post","status-publish","format-standard","has-post-thumbnail","hentry","category-hr-en"],"yoast_head":"<!-- This site is optimized with the Yoast SEO plugin v27.4 - https:\/\/yoast.com\/product\/yoast-seo-wordpress\/ -->\n<title>The Power of Duvet Days: A Guide to Boosting Productivity<\/title>\n<meta name=\"description\" content=\"Learn about the principle of a duvet day and how it can improve employee well-being and productivity in our blog article.\" \/>\n<meta name=\"robots\" content=\"index, follow, max-snippet:-1, max-image-preview:large, max-video-preview:-1\" \/>\n<link rel=\"canonical\" href=\"https:\/\/www.timetrackapp.com\/en\/blog\/the-importance-of-duvet-day\/\" \/>\n<meta property=\"og:locale\" content=\"en_US\" \/>\n<meta property=\"og:type\" content=\"article\" \/>\n<meta property=\"og:title\" content=\"The Power of Duvet Days: A Guide to Boosting Productivity\" \/>\n<meta property=\"og:description\" content=\"Learn about the principle of a duvet day and how it can improve employee well-being and productivity in our blog article.\" \/>\n<meta property=\"og:url\" content=\"https:\/\/www.timetrackapp.com\/en\/blog\/the-importance-of-duvet-day\/\" \/>\n<meta property=\"og:site_name\" content=\"Timetrack App - Zeiterfassung f\u00fcr Einzelunternehmer &amp; Teams\" \/>\n<meta property=\"article:publisher\" content=\"https:\/\/www.facebook.com\/App.TimeTrack\" \/>\n<meta property=\"article:published_time\" content=\"2023-08-23T11:17:21+00:00\" \/>\n<meta property=\"article:modified_time\" content=\"2023-08-25T08:40:26+00:00\" \/>\n<meta property=\"og:image\" content=\"https:\/\/www.timetrackapp.com\/wp-content\/uploads\/2023\/08\/duvet-day-header-image-1030x614.png\" \/>\n\t<meta property=\"og:image:width\" content=\"1030\" \/>\n\t<meta property=\"og:image:height\" content=\"614\" \/>\n\t<meta property=\"og:image:type\" content=\"image\/png\" \/>\n<meta name=\"author\" content=\"Anja Bosiok\" \/>\n<meta name=\"twitter:card\" content=\"summary_large_image\" \/>\n<meta name=\"twitter:creator\" content=\"@timetrackapp\" \/>\n<meta name=\"twitter:site\" content=\"@timetrackapp\" \/>\n<meta name=\"twitter:label1\" content=\"Written by\" \/>\n\t<meta name=\"twitter:data1\" content=\"Anja Bosiok\" \/>\n\t<meta name=\"twitter:label2\" content=\"Est. reading time\" \/>\n\t<meta name=\"twitter:data2\" content=\"59 minutes\" \/>\n<script type=\"application\/ld+json\" class=\"yoast-schema-graph\">{\"@context\":\"https:\\\/\\\/schema.org\",\"@graph\":[{\"@type\":\"Article\",\"@id\":\"https:\\\/\\\/www.timetrackapp.com\\\/en\\\/blog\\\/the-importance-of-duvet-day\\\/#article\",\"isPartOf\":{\"@id\":\"https:\\\/\\\/www.timetrackapp.com\\\/en\\\/blog\\\/the-importance-of-duvet-day\\\/\"},\"author\":{\"name\":\"Anja Bosiok\",\"@id\":\"https:\\\/\\\/www.timetrackapp.com\\\/en\\\/#\\\/schema\\\/person\\\/b484f4b041c61ce6dccab063c5951954\"},\"headline\":\"The importance of duvet day for organisations\",\"datePublished\":\"2023-08-23T11:17:21+00:00\",\"dateModified\":\"2023-08-25T08:40:26+00:00\",\"mainEntityOfPage\":{\"@id\":\"https:\\\/\\\/www.timetrackapp.com\\\/en\\\/blog\\\/the-importance-of-duvet-day\\\/\"},\"wordCount\":9195,\"publisher\":{\"@id\":\"https:\\\/\\\/www.timetrackapp.com\\\/en\\\/#organization\"},\"image\":{\"@id\":\"https:\\\/\\\/www.timetrackapp.com\\\/en\\\/blog\\\/the-importance-of-duvet-day\\\/#primaryimage\"},\"thumbnailUrl\":\"https:\\\/\\\/www.timetrackapp.com\\\/wp-content\\\/uploads\\\/2023\\\/08\\\/duvet-day-header-image.png\",\"articleSection\":[\"HR\"],\"inLanguage\":\"en-US\"},{\"@type\":\"WebPage\",\"@id\":\"https:\\\/\\\/www.timetrackapp.com\\\/en\\\/blog\\\/the-importance-of-duvet-day\\\/\",\"url\":\"https:\\\/\\\/www.timetrackapp.com\\\/en\\\/blog\\\/the-importance-of-duvet-day\\\/\",\"name\":\"The Power of Duvet Days: A Guide to Boosting Productivity\",\"isPartOf\":{\"@id\":\"https:\\\/\\\/www.timetrackapp.com\\\/en\\\/#website\"},\"primaryImageOfPage\":{\"@id\":\"https:\\\/\\\/www.timetrackapp.com\\\/en\\\/blog\\\/the-importance-of-duvet-day\\\/#primaryimage\"},\"image\":{\"@id\":\"https:\\\/\\\/www.timetrackapp.com\\\/en\\\/blog\\\/the-importance-of-duvet-day\\\/#primaryimage\"},\"thumbnailUrl\":\"https:\\\/\\\/www.timetrackapp.com\\\/wp-content\\\/uploads\\\/2023\\\/08\\\/duvet-day-header-image.png\",\"datePublished\":\"2023-08-23T11:17:21+00:00\",\"dateModified\":\"2023-08-25T08:40:26+00:00\",\"description\":\"Learn about the principle of a duvet day and how it can improve employee well-being and productivity in our blog article.\",\"breadcrumb\":{\"@id\":\"https:\\\/\\\/www.timetrackapp.com\\\/en\\\/blog\\\/the-importance-of-duvet-day\\\/#breadcrumb\"},\"inLanguage\":\"en-US\",\"potentialAction\":[{\"@type\":\"ReadAction\",\"target\":[\"https:\\\/\\\/www.timetrackapp.com\\\/en\\\/blog\\\/the-importance-of-duvet-day\\\/\"]}]},{\"@type\":\"ImageObject\",\"inLanguage\":\"en-US\",\"@id\":\"https:\\\/\\\/www.timetrackapp.com\\\/en\\\/blog\\\/the-importance-of-duvet-day\\\/#primaryimage\",\"url\":\"https:\\\/\\\/www.timetrackapp.com\\\/wp-content\\\/uploads\\\/2023\\\/08\\\/duvet-day-header-image.png\",\"contentUrl\":\"https:\\\/\\\/www.timetrackapp.com\\\/wp-content\\\/uploads\\\/2023\\\/08\\\/duvet-day-header-image.png\",\"width\":2025,\"height\":1207,\"caption\":\"duvet-day-header-image\"},{\"@type\":\"BreadcrumbList\",\"@id\":\"https:\\\/\\\/www.timetrackapp.com\\\/en\\\/blog\\\/the-importance-of-duvet-day\\\/#breadcrumb\",\"itemListElement\":[{\"@type\":\"ListItem\",\"position\":1,\"name\":\"Startseite\",\"item\":\"https:\\\/\\\/www.timetrackapp.com\\\/en\\\/home-2\\\/\"},{\"@type\":\"ListItem\",\"position\":2,\"name\":\"The importance of duvet day for organisations\"}]},{\"@type\":\"WebSite\",\"@id\":\"https:\\\/\\\/www.timetrackapp.com\\\/en\\\/#website\",\"url\":\"https:\\\/\\\/www.timetrackapp.com\\\/en\\\/\",\"name\":\"TimeTrack - Projektzeiterfassung f\u00fcr Unternehmen\",\"description\":\"F\u00fcr mittelst\u00e4ndische und gro\u00dfe Unternehmen mit komplexen Anforderungen\",\"publisher\":{\"@id\":\"https:\\\/\\\/www.timetrackapp.com\\\/en\\\/#organization\"},\"potentialAction\":[{\"@type\":\"SearchAction\",\"target\":{\"@type\":\"EntryPoint\",\"urlTemplate\":\"https:\\\/\\\/www.timetrackapp.com\\\/en\\\/?s={search_term_string}\"},\"query-input\":{\"@type\":\"PropertyValueSpecification\",\"valueRequired\":true,\"valueName\":\"search_term_string\"}}],\"inLanguage\":\"en-US\"},{\"@type\":\"Organization\",\"@id\":\"https:\\\/\\\/www.timetrackapp.com\\\/en\\\/#organization\",\"name\":\"TimeTrack\",\"url\":\"https:\\\/\\\/www.timetrackapp.com\\\/en\\\/\",\"logo\":{\"@type\":\"ImageObject\",\"inLanguage\":\"en-US\",\"@id\":\"https:\\\/\\\/www.timetrackapp.com\\\/en\\\/#\\\/schema\\\/logo\\\/image\\\/\",\"url\":\"https:\\\/\\\/www.timetrackapp.com\\\/wp-content\\\/uploads\\\/2025\\\/08\\\/logo_round.png\",\"contentUrl\":\"https:\\\/\\\/www.timetrackapp.com\\\/wp-content\\\/uploads\\\/2025\\\/08\\\/logo_round.png\",\"width\":512,\"height\":512,\"caption\":\"TimeTrack\"},\"image\":{\"@id\":\"https:\\\/\\\/www.timetrackapp.com\\\/en\\\/#\\\/schema\\\/logo\\\/image\\\/\"},\"sameAs\":[\"https:\\\/\\\/www.facebook.com\\\/App.TimeTrack\",\"https:\\\/\\\/x.com\\\/timetrackapp\"]},{\"@type\":\"Person\",\"@id\":\"https:\\\/\\\/www.timetrackapp.com\\\/en\\\/#\\\/schema\\\/person\\\/b484f4b041c61ce6dccab063c5951954\",\"name\":\"Anja Bosiok\",\"description\":\"Zeitmanagement fesselt mich, denn gut genutzte Zeit und Qualit\u00e4t stehen f\u00fcr mich an erster Stelle. Als ehemalige Studentin in Publizistik und Kommunikationswissenschaft habe ich nicht nur das Schreiben, sondern auch die Kunst der gr\u00fcndlichen Recherche beheerscht. Ich m\u00f6chte Ihnen dabei helfen, Sie durch effektives Zeitmanagement Raum f\u00fcr strategische Priorit\u00e4ten schaffen zu k\u00f6nnen.\"}]}<\/script>\n<!-- \/ Yoast SEO plugin. -->","yoast_head_json":{"title":"The Power of Duvet Days: A Guide to Boosting Productivity","description":"Learn about the principle of a duvet day and how it can improve employee well-being and productivity in our blog article.","robots":{"index":"index","follow":"follow","max-snippet":"max-snippet:-1","max-image-preview":"max-image-preview:large","max-video-preview":"max-video-preview:-1"},"canonical":"https:\/\/www.timetrackapp.com\/en\/blog\/the-importance-of-duvet-day\/","og_locale":"en_US","og_type":"article","og_title":"The Power of Duvet Days: A Guide to Boosting Productivity","og_description":"Learn about the principle of a duvet day and how it can improve employee well-being and productivity in our blog article.","og_url":"https:\/\/www.timetrackapp.com\/en\/blog\/the-importance-of-duvet-day\/","og_site_name":"Timetrack App - Zeiterfassung f\u00fcr Einzelunternehmer &amp; Teams","article_publisher":"https:\/\/www.facebook.com\/App.TimeTrack","article_published_time":"2023-08-23T11:17:21+00:00","article_modified_time":"2023-08-25T08:40:26+00:00","og_image":[{"width":1030,"height":614,"url":"https:\/\/www.timetrackapp.com\/wp-content\/uploads\/2023\/08\/duvet-day-header-image-1030x614.png","type":"image\/png"}],"author":"Anja Bosiok","twitter_card":"summary_large_image","twitter_creator":"@timetrackapp","twitter_site":"@timetrackapp","twitter_misc":{"Written by":"Anja Bosiok","Est. reading time":"59 minutes"},"schema":{"@context":"https:\/\/schema.org","@graph":[{"@type":"Article","@id":"https:\/\/www.timetrackapp.com\/en\/blog\/the-importance-of-duvet-day\/#article","isPartOf":{"@id":"https:\/\/www.timetrackapp.com\/en\/blog\/the-importance-of-duvet-day\/"},"author":{"name":"Anja Bosiok","@id":"https:\/\/www.timetrackapp.com\/en\/#\/schema\/person\/b484f4b041c61ce6dccab063c5951954"},"headline":"The importance of duvet day for organisations","datePublished":"2023-08-23T11:17:21+00:00","dateModified":"2023-08-25T08:40:26+00:00","mainEntityOfPage":{"@id":"https:\/\/www.timetrackapp.com\/en\/blog\/the-importance-of-duvet-day\/"},"wordCount":9195,"publisher":{"@id":"https:\/\/www.timetrackapp.com\/en\/#organization"},"image":{"@id":"https:\/\/www.timetrackapp.com\/en\/blog\/the-importance-of-duvet-day\/#primaryimage"},"thumbnailUrl":"https:\/\/www.timetrackapp.com\/wp-content\/uploads\/2023\/08\/duvet-day-header-image.png","articleSection":["HR"],"inLanguage":"en-US"},{"@type":"WebPage","@id":"https:\/\/www.timetrackapp.com\/en\/blog\/the-importance-of-duvet-day\/","url":"https:\/\/www.timetrackapp.com\/en\/blog\/the-importance-of-duvet-day\/","name":"The Power of Duvet Days: A Guide to Boosting Productivity","isPartOf":{"@id":"https:\/\/www.timetrackapp.com\/en\/#website"},"primaryImageOfPage":{"@id":"https:\/\/www.timetrackapp.com\/en\/blog\/the-importance-of-duvet-day\/#primaryimage"},"image":{"@id":"https:\/\/www.timetrackapp.com\/en\/blog\/the-importance-of-duvet-day\/#primaryimage"},"thumbnailUrl":"https:\/\/www.timetrackapp.com\/wp-content\/uploads\/2023\/08\/duvet-day-header-image.png","datePublished":"2023-08-23T11:17:21+00:00","dateModified":"2023-08-25T08:40:26+00:00","description":"Learn about the principle of a duvet day and how it can improve employee well-being and productivity in our blog article.","breadcrumb":{"@id":"https:\/\/www.timetrackapp.com\/en\/blog\/the-importance-of-duvet-day\/#breadcrumb"},"inLanguage":"en-US","potentialAction":[{"@type":"ReadAction","target":["https:\/\/www.timetrackapp.com\/en\/blog\/the-importance-of-duvet-day\/"]}]},{"@type":"ImageObject","inLanguage":"en-US","@id":"https:\/\/www.timetrackapp.com\/en\/blog\/the-importance-of-duvet-day\/#primaryimage","url":"https:\/\/www.timetrackapp.com\/wp-content\/uploads\/2023\/08\/duvet-day-header-image.png","contentUrl":"https:\/\/www.timetrackapp.com\/wp-content\/uploads\/2023\/08\/duvet-day-header-image.png","width":2025,"height":1207,"caption":"duvet-day-header-image"},{"@type":"BreadcrumbList","@id":"https:\/\/www.timetrackapp.com\/en\/blog\/the-importance-of-duvet-day\/#breadcrumb","itemListElement":[{"@type":"ListItem","position":1,"name":"Startseite","item":"https:\/\/www.timetrackapp.com\/en\/home-2\/"},{"@type":"ListItem","position":2,"name":"The importance of duvet day for organisations"}]},{"@type":"WebSite","@id":"https:\/\/www.timetrackapp.com\/en\/#website","url":"https:\/\/www.timetrackapp.com\/en\/","name":"TimeTrack - Projektzeiterfassung f\u00fcr Unternehmen","description":"F\u00fcr mittelst\u00e4ndische und gro\u00dfe Unternehmen mit komplexen Anforderungen","publisher":{"@id":"https:\/\/www.timetrackapp.com\/en\/#organization"},"potentialAction":[{"@type":"SearchAction","target":{"@type":"EntryPoint","urlTemplate":"https:\/\/www.timetrackapp.com\/en\/?s={search_term_string}"},"query-input":{"@type":"PropertyValueSpecification","valueRequired":true,"valueName":"search_term_string"}}],"inLanguage":"en-US"},{"@type":"Organization","@id":"https:\/\/www.timetrackapp.com\/en\/#organization","name":"TimeTrack","url":"https:\/\/www.timetrackapp.com\/en\/","logo":{"@type":"ImageObject","inLanguage":"en-US","@id":"https:\/\/www.timetrackapp.com\/en\/#\/schema\/logo\/image\/","url":"https:\/\/www.timetrackapp.com\/wp-content\/uploads\/2025\/08\/logo_round.png","contentUrl":"https:\/\/www.timetrackapp.com\/wp-content\/uploads\/2025\/08\/logo_round.png","width":512,"height":512,"caption":"TimeTrack"},"image":{"@id":"https:\/\/www.timetrackapp.com\/en\/#\/schema\/logo\/image\/"},"sameAs":["https:\/\/www.facebook.com\/App.TimeTrack","https:\/\/x.com\/timetrackapp"]},{"@type":"Person","@id":"https:\/\/www.timetrackapp.com\/en\/#\/schema\/person\/b484f4b041c61ce6dccab063c5951954","name":"Anja Bosiok","description":"Zeitmanagement fesselt mich, denn gut genutzte Zeit und Qualit\u00e4t stehen f\u00fcr mich an erster Stelle. Als ehemalige Studentin in Publizistik und Kommunikationswissenschaft habe ich nicht nur das Schreiben, sondern auch die Kunst der gr\u00fcndlichen Recherche beheerscht. Ich m\u00f6chte Ihnen dabei helfen, Sie durch effektives Zeitmanagement Raum f\u00fcr strategische Priorit\u00e4ten schaffen zu k\u00f6nnen."}]}},"_links":{"self":[{"href":"https:\/\/www.timetrackapp.com\/en\/wp-json\/wp\/v2\/posts\/44486","targetHints":{"allow":["GET"]}}],"collection":[{"href":"https:\/\/www.timetrackapp.com\/en\/wp-json\/wp\/v2\/posts"}],"about":[{"href":"https:\/\/www.timetrackapp.com\/en\/wp-json\/wp\/v2\/types\/post"}],"author":[{"embeddable":true,"href":"https:\/\/www.timetrackapp.com\/en\/wp-json\/wp\/v2\/users\/43"}],"replies":[{"embeddable":true,"href":"https:\/\/www.timetrackapp.com\/en\/wp-json\/wp\/v2\/comments?post=44486"}],"version-history":[{"count":0,"href":"https:\/\/www.timetrackapp.com\/en\/wp-json\/wp\/v2\/posts\/44486\/revisions"}],"wp:featuredmedia":[{"embeddable":true,"href":"https:\/\/www.timetrackapp.com\/en\/wp-json\/wp\/v2\/media\/44555"}],"wp:attachment":[{"href":"https:\/\/www.timetrackapp.com\/en\/wp-json\/wp\/v2\/media?parent=44486"}],"wp:term":[{"taxonomy":"category","embeddable":true,"href":"https:\/\/www.timetrackapp.com\/en\/wp-json\/wp\/v2\/categories?post=44486"},{"taxonomy":"post_tag","embeddable":true,"href":"https:\/\/www.timetrackapp.com\/en\/wp-json\/wp\/v2\/tags?post=44486"}],"curies":[{"name":"wp","href":"https:\/\/api.w.org\/{rel}","templated":true}]}}